{"id":71631,"date":"2026-09-03T09:34:40","date_gmt":"2026-09-03T07:34:40","guid":{"rendered":"https:\/\/sneeboer.com\/sneeboer-est-present-au-marche-artisanal-aux-plantes-de-wierze"},"modified":"2026-09-03T09:34:40","modified_gmt":"2026-09-03T07:34:40","slug":"sneeboer-est-present-au-marche-artisanal-aux-plantes-de-wierze","status":"publish","type":"post","link":"https:\/\/sneeboer.com\/fr\/sneeboer-est-present-au-marche-artisanal-aux-plantes-de-wierze","title":{"rendered":"Sneeboer sera pr\u00e9sent au march\u00e9 artisanal des plantes de De Wiersse !"},"content":{"rendered":"\n<p class=\"wp-block-paragraph\">Le dimanche 1er octobre, nous serons pr\u00e9sents (aux c\u00f4t\u00e9s de nombreux p\u00e9pini\u00e9ristes) au <a href=\"https:\/\/sneeboer.com\/de-ambachtelijke-plantenmarkt-in-de-wierse\">march\u00e9<\/a> artisanal <a href=\"https:\/\/sneeboer.com\/de-ambachtelijke-plantenmarkt-in-de-wierse\">des plantes<\/a> de Wierse, organis\u00e9 au domaine Landgoed de Wierse \u00e0 Vorden. Organis\u00e9 en collaboration avec le magazine Gardeners\u2019 World, ce march\u00e9 sera consacr\u00e9 aux plantes durables, aux v\u00e9ritables p\u00e9pini\u00e9ristes et \u00e0 l&#8217;importance des jardins et du jardinage pour un avenir r\u00e9silient face au changement climatique.<\/p>\n\n\n\n<p class=\"wp-block-paragraph\">Nous emporterons \u00e0 nouveau les outils n\u00e9cessaires pour la vente, mais si nous devons emporter un outil sp\u00e9cifique pour vous, il est pr\u00e9f\u00e9rable de nous le signaler \u00e0 l&#8217;avance. Nous vous donnerons plus d&#8217;informations ult\u00e9rieurement, mais nous pourrons peut-\u00eatre apporter notre nouveau syst\u00e8me de gravure au laser afin de graver sur place l&#8217;outil avec votre propre texte !<\/p>\n\n\n\n<p class=\"wp-block-paragraph\">Pour plus d&#8217;informations, consultez la rubrique \u00ab <a href=\"https:\/\/www.dewiersse.com\/plantenmarkt-1-oktober-2023\/\">March\u00e9 aux plantes du 1er octobre 2023 | De Wiersse<\/a> \u00bb<\/p>\n\n\n","protected":false},"excerpt":{"rendered":"<p>Sneeboer sera pr\u00e9sent au march\u00e9 artisanal des plantes de De Wiersse !<\/p>\n","protected":false},"author":3,"featured_media":27415,"comment_status":"open","ping_status":"open","sticky":false,"template":"","format":"standard","meta":{"inline_featured_image":false,"footnotes":""},"categories":[730],"tags":[1552,1551,1550],"class_list":["post-71631","post","type-post","status-publish","format-standard","has-post-thumbnail","hentry","category-event","tag-sneeboer","tag-marche-aux-plantes","tag-la-wiersse","blog-post"],"_links":{"self":[{"href":"https:\/\/sneeboer.com\/fr\/wp-json\/wp\/v2\/posts\/71631","targetHints":{"allow":["GET"]}}],"collection":[{"href":"https:\/\/sneeboer.com\/fr\/wp-json\/wp\/v2\/posts"}],"about":[{"href":"https:\/\/sneeboer.com\/fr\/wp-json\/wp\/v2\/types\/post"}],"author":[{"embeddable":true,"href":"https:\/\/sneeboer.com\/fr\/wp-json\/wp\/v2\/users\/3"}],"replies":[{"embeddable":true,"href":"https:\/\/sneeboer.com\/fr\/wp-json\/wp\/v2\/comments?post=71631"}],"version-history":[{"count":0,"href":"https:\/\/sneeboer.com\/fr\/wp-json\/wp\/v2\/posts\/71631\/revisions"}],"wp:featuredmedia":[{"embeddable":true,"href":"https:\/\/sneeboer.com\/fr\/wp-json\/wp\/v2\/media\/27415"}],"wp:attachment":[{"href":"https:\/\/sneeboer.com\/fr\/wp-json\/wp\/v2\/media?parent=71631"}],"wp:term":[{"taxonomy":"category","embeddable":true,"href":"https:\/\/sneeboer.com\/fr\/wp-json\/wp\/v2\/categories?post=71631"},{"taxonomy":"post_tag","embeddable":true,"href":"https:\/\/sneeboer.com\/fr\/wp-json\/wp\/v2\/tags?post=71631"}],"curies":[{"name":"wp","href":"https:\/\/api.w.org\/{rel}","templated":true}]}}