{"id":40337,"date":"2024-06-07T09:14:30","date_gmt":"2024-06-07T07:14:30","guid":{"rendered":"https:\/\/sneeboer.com\/die-mark-cross-by-aerin-garden-tote-bag-eine-harmonie-aus-luxus-und-praktischem-design"},"modified":"2026-09-03T09:29:02","modified_gmt":"2026-09-03T07:29:02","slug":"le-sac-fourre-tout-mark-cross-by-aerin-garden-une-alliance-entre-luxe-et-fonctionnalite","status":"publish","type":"post","link":"https:\/\/sneeboer.com\/fr\/le-sac-fourre-tout-mark-cross-by-aerin-garden-une-alliance-entre-luxe-et-fonctionnalite","title":{"rendered":"Le sac fourre-tout \u00ab Garden Tote \u00bb de Mark Cross by AERIN : une harmonie entre luxe et fonctionnalit\u00e9"},"content":{"rendered":"\n<p class=\"wp-block-paragraph\">Le sac Garden Tote Bag de Mark Cross by AERIN est bien plus qu\u2019un simple accessoire de luxe ; c\u2019est un symbole de go\u00fbt raffin\u00e9 et d\u2019\u00e9l\u00e9gance pratique. Ce sac unique est le fruit d\u2019une collaboration inspirante entre Mark Cross, une marque am\u00e9ricaine embl\u00e9matique \u00e0 l\u2019histoire riche, AERIN, la marque lifestyle d\u2019Aerin Lauder, et Sneeboer, un fabricant n\u00e9erlandais r\u00e9put\u00e9 d\u2019outils de jardinage en acier inoxydable. Dans cet article de blog, nous nous penchons plus en d\u00e9tail sur l&#8217;histoire de Mark Cross, cette collaboration significative avec Sneeboer et l&#8217;influence d&#8217;Aerin Lauder.<\/p>\n\n\n\n<h2 class=\"wp-block-heading\">L&#8217;histoire de Mark Cross<\/h2>\n\n\n\n<p class=\"wp-block-paragraph\">Fond\u00e9e en 1845 \u00e0 Boston par Henry W. Cross, la marque Mark Cross est depuis lors devenue synonyme de savoir-faire et de luxe. Initialement r\u00e9put\u00e9e pour ses articles en cuir d\u2019exception, la marque s\u2019est forg\u00e9 une r\u00e9putation gr\u00e2ce \u00e0 ses accessoires de voyage et ses sacs \u00e0 main haut de gamme. Au cours des ann\u00e9es 1920 et 1930, Mark Cross s\u2019est fait conna\u00eetre gr\u00e2ce au c\u00e9l\u00e8bre sac \u00ab Grace Box Bag \u00bb, port\u00e9 par Grace Kelly dans le film \u00ab Fen\u00eatre sur cour \u00bb. Cet h\u00e9ritage d\u2019\u00e9l\u00e9gance intemporelle et de qualit\u00e9 irr\u00e9prochable s\u2019est perp\u00e9tu\u00e9 au fil des d\u00e9cennies, faisant de Mark Cross une marque incontournable aupr\u00e8s des amateurs de luxe.<\/p>\n\n\n\n<h2 class=\"wp-block-heading\">La collaboration avec Sneeboer<\/h2>\n\n\n\n<p class=\"wp-block-paragraph\">La collaboration entre Mark Cross et Sneeboer, fabricant d&#8217;outils de jardinage, apporte une touche suppl\u00e9mentaire d&#8217;exclusivit\u00e9 et de fonctionnalit\u00e9 au sac Garden Tote Bag. Fond\u00e9e en 1913 aux Pays-Bas, la marque Sneeboer est r\u00e9put\u00e9e pour ses outils de jardinage durables et fabriqu\u00e9s \u00e0 la main, appr\u00e9ci\u00e9s des amateurs de jardinage du monde entier. Chaque outil est fabriqu\u00e9 \u00e0 la main et r\u00e9pond aux normes les plus \u00e9lev\u00e9es en mati\u00e8re de qualit\u00e9 et de savoir-faire.<\/p>\n\n\n\n<p class=\"wp-block-paragraph\">L&#8217;association des outils de jardinage Sneeboer et du Garden Tote Bag est un mariage parfait entre luxe et fonctionnalit\u00e9. C&#8217;est un hommage \u00e0 l&#8217;amour du jardinage et \u00e0 l&#8217;attachement \u00e0 la qualit\u00e9. Ce sac n&#8217;est pas seulement un accessoire \u00e9l\u00e9gant, mais aussi un outil pratique pour le jardinier passionn\u00e9. Le Garden Tote Bag contient une petite pelle \u00e0 repiquer, une fourchette \u00e0 arrachage, une petite pelle Great Dixter, <a href=\"https:\/\/sneeboer.com\/fr\/outils-de-jardin-forges-a-la-main\/titanium-schrepel-12-cm\">un sarcloir<\/a> de 10 cm et un cultivateur \u00e0 main. Ces cinq outils sont tous dot\u00e9s d\u2019une double gravure sur leur manche en bois de fr\u00eane.<\/p>\n\n\n\n\n\n<h2 class=\"wp-block-heading\">L&#8217;influence d&#8217;Aerin Lauder<\/h2>\n\n\n\n<p class=\"wp-block-paragraph\">Aerin Lauder, la petite-fille d&#8217;Est\u00e9e Lauder, a fond\u00e9 sa marque AERIN avec pour ambition d&#8217;apporter \u00e9l\u00e9gance et intemporalit\u00e9 au quotidien. Son approche du design s&#8217;inspire de son h\u00e9ritage, alliant luxe moderne et beaut\u00e9 classique. La marque AERIN propose une large gamme de produits, allant des produits de beaut\u00e9 \u00e0 la d\u00e9coration d&#8217;int\u00e9rieur en passant par les accessoires de mode, tous caract\u00e9ris\u00e9s par une esth\u00e9tique raffin\u00e9e et f\u00e9minine.<\/p>\n\n\n\n<p class=\"wp-block-paragraph\">La collaboration avec Mark Cross et Sneeboer refl\u00e8te l&#8217;amour d&#8217;Aerin pour les objets beaux et fonctionnels qui racontent une histoire. Le sac Garden Tote Bag a \u00e9t\u00e9 con\u00e7u avec le souci du d\u00e9tail et une compr\u00e9hension approfondie des besoins de la femme moderne qui souhaite allier \u00e9l\u00e9gance et praticit\u00e9. Ce sac allie le luxe caract\u00e9ristique de Mark Cross \u00e0 l&#8217;esth\u00e9tique raffin\u00e9e d&#8217;AERIN et au savoir-faire de Sneeboer, donnant naissance \u00e0 une pi\u00e8ce intemporelle qui s&#8217;impose aussi bien en ville que dans le jardin.<\/p>\n\n\n\n<h2 class=\"wp-block-heading\">Pourquoi cette combinaison est-elle si particuli\u00e8re ?<\/h2>\n\n\n\n<p class=\"wp-block-paragraph\">Ce qui rend le sac \u00ab Garden Tote Bag \u00bb de Mark Cross by AERIN si particulier, c\u2019est la rencontre de trois marques embl\u00e9matiques qui excellent chacune dans leur domaine respectif. La riche histoire et le luxe de Mark Cross, le savoir-faire et la durabilit\u00e9 des outils de jardinage Sneeboer, ainsi que l\u2019esth\u00e9tique raffin\u00e9e et intemporelle d\u2019AERIN s\u2019unissent pour donner naissance \u00e0 un produit \u00e0 la fois fonctionnel et \u00e9l\u00e9gant.<\/p>\n\n\n\n<p class=\"wp-block-paragraph\">Ce sac n&#8217;est pas seulement le reflet d&#8217;un design et d&#8217;un savoir-faire exceptionnels, mais aussi un hommage \u00e0 l&#8217;art du jardinage et \u00e0 la beaut\u00e9 du luxe au quotidien. C&#8217;est le choix id\u00e9al pour tous ceux qui appr\u00e9cient la fonctionnalit\u00e9 raffin\u00e9e et souhaitent apporter une touche d&#8217;\u00e9l\u00e9gance \u00e0 leur quotidien.<\/p>\n\n\n\n<p class=\"wp-block-paragraph\">Avec le sac fourre-tout Mark Cross by AERIN Garden, vous disposez non seulement d&#8217;un magnifique accessoire de mode, mais aussi d&#8217;un outil pratique qui enrichit votre exp\u00e9rience du jardinage. C&#8217;est un symbole d&#8217;\u00e9l\u00e9gance intemporelle, con\u00e7u pour le jardinier moderne qui a le souci du d\u00e9tail et de la qualit\u00e9.<\/p>\n\n\n\n<h2 class=\"wp-block-heading\">Une pr\u00e9sentation unique au Chelsea Flower Show<\/h2>\n\n\n\n<p class=\"wp-block-paragraph\">Pour couronner le tout, nous avons eu l&#8217;honneur de pr\u00e9senter l&#8217;un des 100 sacs produits en s\u00e9rie limit\u00e9e sur notre stand au Chelsea Flower Show. Ces sacs en \u00e9dition limit\u00e9e sont un mod\u00e8le d&#8217;exclusivit\u00e9 et de savoir-faire, et ont attir\u00e9 de nombreux regards admiratifs de la part des visiteurs. La pr\u00e9sence de ce sac unique lors de l\u2019un des salons du jardinage les plus prestigieux au monde souligne l\u2019alliance exceptionnelle de luxe, de fonctionnalit\u00e9 et d\u2019\u00e9l\u00e9gance intemporelle qu\u2019offre le sac Mark Cross by AERIN Garden Tote Bag.<\/p>\n\n\n\n<h2 class=\"wp-block-heading\">Vous voulez ce sac ?<\/h2>\n\n\n\n<p class=\"wp-block-paragraph\">Ce sac est disponible en pr\u00e9commande sur le site web de <a href=\"https:\/\/www.markcross.com\/products\/mark-cross-for-aerin-garden-tote-with-sneeboer-tools-canvas-with-vacchetta-trim\" target=\"_blank\" rel=\"noreferrer noopener\">Mark Cross<\/a>.<\/p>\n\n\n\n<div class=\"wp-block-buttons is-layout-flex wp-block-buttons-is-layout-flex\">\n<div class=\"wp-block-button\"><a class=\"wp-block-button__link has-sneeboer-white-color has-sneeboer-red-background-color has-text-color has-background has-link-color wp-element-button\" href=\"https:\/\/www.markcross.com\/products\/mark-cross-for-aerin-garden-tote-with-sneeboer-tools-canvas-with-vacchetta-trim\" target=\"_blank\" rel=\"noreferrer noopener\">Pr\u00e9commande<\/a><\/div>\n<\/div>\n\n\n\n<figure class=\"wp-block-gallery has-nested-images columns-default is-cropped wp-block-gallery-1 is-layout-flex wp-block-gallery-is-layout-flex\">\n<figure class=\"wp-block-image size-large\"><img loading=\"lazy\" decoding=\"async\" width=\"768\" height=\"1024\" data-id=\"40196\" src=\"https:\/\/sneeboer.com\/wp-content\/uploads\/2024\/06\/sneeboer-mark-cross-tuingereedschap-tas-01-768x1024.jpg\" alt=\"\" class=\"wp-image-40196\" srcset=\"https:\/\/sneeboer.com\/wp-content\/uploads\/2024\/06\/sneeboer-mark-cross-tuingereedschap-tas-01-768x1024.jpg 768w, https:\/\/sneeboer.com\/wp-content\/uploads\/2024\/06\/sneeboer-mark-cross-tuingereedschap-tas-01-225x300.jpg 225w, https:\/\/sneeboer.com\/wp-content\/uploads\/2024\/06\/sneeboer-mark-cross-tuingereedschap-tas-01-1152x1536.jpg 1152w, https:\/\/sneeboer.com\/wp-content\/uploads\/2024\/06\/sneeboer-mark-cross-tuingereedschap-tas-01-1536x2048.jpg 1536w, https:\/\/sneeboer.com\/wp-content\/uploads\/2024\/06\/sneeboer-mark-cross-tuingereedschap-tas-01-600x800.jpg 600w, https:\/\/sneeboer.com\/wp-content\/uploads\/2024\/06\/sneeboer-mark-cross-tuingereedschap-tas-01-scaled.jpg 1920w\" sizes=\"auto, (max-width: 768px) 100vw, 768px\" \/><\/figure>\n\n\n\n<figure class=\"wp-block-image size-large\"><img loading=\"lazy\" decoding=\"async\" width=\"819\" height=\"1024\" data-id=\"40268\" src=\"https:\/\/sneeboer.com\/wp-content\/uploads\/2024\/06\/sneeboer-mark-cross-tuingereedschap-tas-04-819x1024.jpg\" alt=\"\" class=\"wp-image-40268\" srcset=\"https:\/\/sneeboer.com\/wp-content\/uploads\/2024\/06\/sneeboer-mark-cross-tuingereedschap-tas-04-819x1024.jpg 819w, https:\/\/sneeboer.com\/wp-content\/uploads\/2024\/06\/sneeboer-mark-cross-tuingereedschap-tas-04-240x300.jpg 240w, https:\/\/sneeboer.com\/wp-content\/uploads\/2024\/06\/sneeboer-mark-cross-tuingereedschap-tas-04-768x960.jpg 768w, https:\/\/sneeboer.com\/wp-content\/uploads\/2024\/06\/sneeboer-mark-cross-tuingereedschap-tas-04-1229x1536.jpg 1229w, https:\/\/sneeboer.com\/wp-content\/uploads\/2024\/06\/sneeboer-mark-cross-tuingereedschap-tas-04-1638x2048.jpg 1638w, https:\/\/sneeboer.com\/wp-content\/uploads\/2024\/06\/sneeboer-mark-cross-tuingereedschap-tas-04-80x100.jpg 80w, https:\/\/sneeboer.com\/wp-content\/uploads\/2024\/06\/sneeboer-mark-cross-tuingereedschap-tas-04-600x750.jpg 600w, https:\/\/sneeboer.com\/wp-content\/uploads\/2024\/06\/sneeboer-mark-cross-tuingereedschap-tas-04-scaled.jpg 2048w\" sizes=\"auto, (max-width: 819px) 100vw, 819px\" \/><\/figure>\n\n\n\n<figure class=\"wp-block-image size-large\"><img loading=\"lazy\" decoding=\"async\" width=\"819\" height=\"1024\" data-id=\"40244\" src=\"https:\/\/sneeboer.com\/wp-content\/uploads\/2024\/06\/sneeboer-mark-cross-tuingereedschap-tas-03-819x1024.jpg\" alt=\"\" class=\"wp-image-40244\" srcset=\"https:\/\/sneeboer.com\/wp-content\/uploads\/2024\/06\/sneeboer-mark-cross-tuingereedschap-tas-03-819x1024.jpg 819w, https:\/\/sneeboer.com\/wp-content\/uploads\/2024\/06\/sneeboer-mark-cross-tuingereedschap-tas-03-240x300.jpg 240w, https:\/\/sneeboer.com\/wp-content\/uploads\/2024\/06\/sneeboer-mark-cross-tuingereedschap-tas-03-768x960.jpg 768w, https:\/\/sneeboer.com\/wp-content\/uploads\/2024\/06\/sneeboer-mark-cross-tuingereedschap-tas-03-1229x1536.jpg 1229w, https:\/\/sneeboer.com\/wp-content\/uploads\/2024\/06\/sneeboer-mark-cross-tuingereedschap-tas-03-1638x2048.jpg 1638w, https:\/\/sneeboer.com\/wp-content\/uploads\/2024\/06\/sneeboer-mark-cross-tuingereedschap-tas-03-80x100.jpg 80w, https:\/\/sneeboer.com\/wp-content\/uploads\/2024\/06\/sneeboer-mark-cross-tuingereedschap-tas-03-600x750.jpg 600w, https:\/\/sneeboer.com\/wp-content\/uploads\/2024\/06\/sneeboer-mark-cross-tuingereedschap-tas-03-scaled.jpg 2048w\" sizes=\"auto, (max-width: 819px) 100vw, 819px\" \/><\/figure>\n<\/figure>\n","protected":false},"excerpt":{"rendered":"<p>Le sac Garden Tote Bag de Mark Cross by AERIN est bien plus qu\u2019un simple accessoire de luxe ; c\u2019est un symbole de go\u00fbt raffin\u00e9 et d\u2019\u00e9l\u00e9gance pratique. Ce sac unique est le fruit d\u2019une collaboration inspirante entre Mark Cross, une marque am\u00e9ricaine embl\u00e9matique \u00e0 l\u2019histoire riche, AERIN, la marque lifestyle d\u2019Aerin Lauder, et Sneeboer, [&hellip;]<\/p>\n","protected":false},"author":3,"featured_media":40220,"comment_status":"closed","ping_status":"closed","sticky":false,"template":"","format":"standard","meta":{"inline_featured_image":false,"footnotes":""},"categories":[721,724],"tags":[881,839,842,884,887,836],"class_list":["post-40337","post","type-post","status-publish","format-standard","has-post-thumbnail","hentry","category-sneeboer","category-sneeboer-fr","tag-aerin-lauder-fr","tag-aerin-lauder","tag-garden-tote-bag","tag-garden-tote-bag-fr","tag-mark-cross-fr","tag-mark-cross","blog-post"],"_links":{"self":[{"href":"https:\/\/sneeboer.com\/fr\/wp-json\/wp\/v2\/posts\/40337","targetHints":{"allow":["GET"]}}],"collection":[{"href":"https:\/\/sneeboer.com\/fr\/wp-json\/wp\/v2\/posts"}],"about":[{"href":"https:\/\/sneeboer.com\/fr\/wp-json\/wp\/v2\/types\/post"}],"author":[{"embeddable":true,"href":"https:\/\/sneeboer.com\/fr\/wp-json\/wp\/v2\/users\/3"}],"replies":[{"embeddable":true,"href":"https:\/\/sneeboer.com\/fr\/wp-json\/wp\/v2\/comments?post=40337"}],"version-history":[{"count":1,"href":"https:\/\/sneeboer.com\/fr\/wp-json\/wp\/v2\/posts\/40337\/revisions"}],"predecessor-version":[{"id":71554,"href":"https:\/\/sneeboer.com\/fr\/wp-json\/wp\/v2\/posts\/40337\/revisions\/71554"}],"wp:featuredmedia":[{"embeddable":true,"href":"https:\/\/sneeboer.com\/fr\/wp-json\/wp\/v2\/media\/40220"}],"wp:attachment":[{"href":"https:\/\/sneeboer.com\/fr\/wp-json\/wp\/v2\/media?parent=40337"}],"wp:term":[{"taxonomy":"category","embeddable":true,"href":"https:\/\/sneeboer.com\/fr\/wp-json\/wp\/v2\/categories?post=40337"},{"taxonomy":"post_tag","embeddable":true,"href":"https:\/\/sneeboer.com\/fr\/wp-json\/wp\/v2\/tags?post=40337"}],"curies":[{"name":"wp","href":"https:\/\/api.w.org\/{rel}","templated":true}]}}