{"id":71632,"date":"2026-09-03T09:35:12","date_gmt":"2026-09-03T07:35:12","guid":{"rendered":"https:\/\/sneeboer.com\/sneeboer-ist-auf-dem-traditionellen-pflanzenmarkt-in-wiers-vertreten"},"modified":"2026-09-03T09:35:12","modified_gmt":"2026-09-03T07:35:12","slug":"sneeboer-ist-auf-dem-traditionellen-pflanzenmarkt-in-wiers-vertreten","status":"publish","type":"post","link":"https:\/\/sneeboer.com\/de\/sneeboer-ist-auf-dem-traditionellen-pflanzenmarkt-in-wiers-vertreten","title":{"rendered":"Sneeboer ist auf dem traditionellen Pflanzenmarkt in De Wiersse vertreten!"},"content":{"rendered":"\n<p class=\"wp-block-paragraph\">Am Sonntag, dem 1. Oktober, sind wir (zusammen mit vielen anderen Pflanzenz\u00fcchtern) auf dem \u201eWierse Ambachtelijke <a href=\"https:\/\/sneeboer.com\/de-ambachtelijke-plantenmarkt-in-de-wierse\">Plantenmarkt\u201c<\/a> auf dem Landgut \u201eDe Wierse\u201c in Vorden vertreten. Dieser Markt wird in Zusammenarbeit mit dem \u201eGardeners\u2019 World Magazine\u201c organisiert und steht ganz im Zeichen von nachhaltigem Pflanzgut, den echten Z\u00fcchtern und der Bedeutung von G\u00e4rten und Gartenarbeit f\u00fcr eine klimaresistente Zukunft.<\/p>\n\n\n\n<p class=\"wp-block-paragraph\">Wir bringen die f\u00fcr den Verkauf erforderlichen Werkzeuge wieder mit, aber falls wir ein spezielles Werkzeug f\u00fcr Sie mitbringen m\u00fcssen, teilen Sie uns dies bitte am besten im Voraus mit. Weitere Informationen folgen sp\u00e4ter, aber vielleicht k\u00f6nnen wir unser neues Lasergravursystem mitbringen, damit wir das Werkzeug vor Ort mit Ihrem eigenen Text gravieren k\u00f6nnen!<\/p>\n\n\n\n<p class=\"wp-block-paragraph\">Weitere Informationen finden Sie unter <a href=\"https:\/\/www.dewiersse.com\/plantenmarkt-1-oktober-2023\/\">\u201ePflanzenmarkt 1. Oktober 2023 | De Wiersse\u201c<\/a><\/p>\n\n\n","protected":false},"excerpt":{"rendered":"<p>Sneeboer ist auf dem traditionellen Pflanzenmarkt in De Wiersse vertreten!<\/p>\n","protected":false},"author":3,"featured_media":27415,"comment_status":"open","ping_status":"open","sticky":false,"template":"","format":"standard","meta":{"inline_featured_image":false,"footnotes":""},"categories":[730],"tags":[1555,1554,1553],"class_list":["post-71632","post","type-post","status-publish","format-standard","has-post-thumbnail","hentry","category-event","tag-sneeboer","tag-pflanzenmarkt","tag-de-wiersse","blog-post"],"_links":{"self":[{"href":"https:\/\/sneeboer.com\/de\/wp-json\/wp\/v2\/posts\/71632","targetHints":{"allow":["GET"]}}],"collection":[{"href":"https:\/\/sneeboer.com\/de\/wp-json\/wp\/v2\/posts"}],"about":[{"href":"https:\/\/sneeboer.com\/de\/wp-json\/wp\/v2\/types\/post"}],"author":[{"embeddable":true,"href":"https:\/\/sneeboer.com\/de\/wp-json\/wp\/v2\/users\/3"}],"replies":[{"embeddable":true,"href":"https:\/\/sneeboer.com\/de\/wp-json\/wp\/v2\/comments?post=71632"}],"version-history":[{"count":0,"href":"https:\/\/sneeboer.com\/de\/wp-json\/wp\/v2\/posts\/71632\/revisions"}],"wp:featuredmedia":[{"embeddable":true,"href":"https:\/\/sneeboer.com\/de\/wp-json\/wp\/v2\/media\/27415"}],"wp:attachment":[{"href":"https:\/\/sneeboer.com\/de\/wp-json\/wp\/v2\/media?parent=71632"}],"wp:term":[{"taxonomy":"category","embeddable":true,"href":"https:\/\/sneeboer.com\/de\/wp-json\/wp\/v2\/categories?post=71632"},{"taxonomy":"post_tag","embeddable":true,"href":"https:\/\/sneeboer.com\/de\/wp-json\/wp\/v2\/tags?post=71632"}],"curies":[{"name":"wp","href":"https:\/\/api.w.org\/{rel}","templated":true}]}}