{"id":44851,"date":"2024-10-16T18:30:10","date_gmt":"2024-10-16T16:30:10","guid":{"rendered":"https:\/\/sneeboer.com\/the-artisanal-plant-market-in-de-wierse"},"modified":"2026-09-03T10:40:45","modified_gmt":"2026-09-03T08:40:45","slug":"der-traditionelle-pflanzenmarkt-in-der-wierse","status":"publish","type":"post","link":"https:\/\/sneeboer.com\/de\/der-traditionelle-pflanzenmarkt-in-der-wierse","title":{"rendered":"Der traditionelle Pflanzenmarkt in De Wierse"},"content":{"rendered":"\n<p class=\"wp-block-paragraph\">Der <strong>handwerkliche Pflanzenmarkt in De Wierse<\/strong> hat sich mittlerweile zu einem festen Begriff unter Garten- und Naturliebhabern entwickelt. Diese j\u00e4hrliche Veranstaltung zieht Besucher aus allen Ecken des Landes an, die zusammenkommen, um eine gro\u00dfe Auswahl an Pflanzen, Gartenaccessoires und handwerklichen Produkten zu genie\u00dfen. Es ist nicht nur ein Ort, um wundersch\u00f6ne Pflanzen zu entdecken, sondern auch eine Gelegenheit, mit Fachleuten in Kontakt zu treten, die gerne ihre Leidenschaft f\u00fcr Gartenarbeit und Nachhaltigkeit teilen.<\/p>\n\n\n\n<p class=\"wp-block-paragraph\">Mit jeder Ausgabe entwickelt sich der Markt weiter und h\u00e4lt sowohl f\u00fcr den erfahrenen G\u00e4rtner als auch f\u00fcr den angehenden Gartenliebhaber neue \u00dcberraschungen bereit. Die bunte Mischung aus Ausstellern \u2013 von G\u00e4rtnereien \u00fcber Werkzeughersteller bis hin zu handwerklichen Produzenten \u2013 sorgt daf\u00fcr, dass f\u00fcr jeden Geschmack etwas dabei ist. Auf dem Markt herrscht eine Atmosph\u00e4re der Geselligkeit, der Handwerkskunst und der Liebe zur Natur, was die Veranstaltung jedes Jahr aufs Neue zu einem Erfolg macht.<\/p>\n\n\n\n<h2 class=\"wp-block-heading\">Eine einmalige Gelegenheit f\u00fcr Besucher<\/h2>\n\n\n\n<p class=\"wp-block-paragraph\">Was den <a href=\"https:\/\/www.dewiersse.com\/plantenmarkt\/\" target=\"_blank\" rel=\"noreferrer noopener\">Handwerklichen Pflanzenmarkt<\/a> so besonders macht, ist die M\u00f6glichkeit f\u00fcr Besucher, nicht nur zuzuschauen, sondern auch aktiv teilzunehmen. Durch den pers\u00f6nlichen Austausch mit Z\u00fcchtern und Experten erhalten Besucher wertvolle Tipps und Ratschl\u00e4ge zur Pflanzenpflege, zur Bodenbearbeitung und zum Einsatz nachhaltiger Werkzeuge. Jedes Jahr bietet der Markt eine Plattform f\u00fcr neue Produkte und Innovationen, die das G\u00e4rtnererlebnis verbessern. Viele Aussteller pr\u00e4sentieren ihre neuesten Entw\u00fcrfe und Produkte, wobei die Besucher die Gelegenheit haben, diese als Erste zu sehen und auszuprobieren.<\/p>\n\n\n\n<p class=\"wp-block-paragraph\">Dar\u00fcber hinaus bietet die Veranstaltung die M\u00f6glichkeit, an Workshops teilzunehmen. Diese Veranstaltungen werden von Experten geleitet, die ihr Wissen \u00fcber bestimmte Gartentechniken weitergeben \u2013 vom Pflanzen von <a href=\"https:\/\/sneeboer.com\/de\/triebe-von-blumenzwiebeln\">Blumenzwiebeln<\/a> bis zum Kompostieren von Gartenabf\u00e4llen. Das macht den Markt zu einem inspirierenden Ort, an dem Besucher mit neuen Ideen nach Hause gehen, die sie direkt in ihrem eigenen Garten umsetzen k\u00f6nnen.<\/p>\n\n\n\n<h2 class=\"wp-block-heading\">Sneeboer auf dem handwerklichen Pflanzenmarkt<\/h2>\n\n\n\n<p class=\"wp-block-paragraph\">Genau wie im letzten Jahr nahm <strong>Sneeboer<\/strong> auch in diesem Jahr am Handwerklichen Pflanzenmarkt teil. Es war eine gro\u00dfartige Gelegenheit f\u00fcr unser Unternehmen, <a href=\"https:\/\/sneeboer.com\/de\/gartengeraete\/unsere-sammlung\">unsere Gartenger\u00e4te<\/a> einem breiten Publikum zu pr\u00e4sentieren und mit begeisterten Gartenfreunden ins Gespr\u00e4ch zu kommen. Der Stand von Sneeboer war ein beliebter Anziehungspunkt, an dem Besucher die bekannten Werkzeuge aus n\u00e4chster N\u00e4he betrachten und sogar neue Prototypen entdecken konnten.<\/p>\n\n\n\n<p class=\"wp-block-paragraph\">Einer der H\u00f6hepunkte in diesem Jahr war die Vorstellung von zwei neuen Modellen der Kompostschaufel. Die Besucher wurden gebeten, ihre Meinung dazu zu \u00e4u\u00dfern, welche Gr\u00f6\u00dfe sie bevorzugten: das gr\u00f6\u00dfere Modell mit mehr Fassungsverm\u00f6gen oder das kleinere Modell, das handlicher und pr\u00e4ziser ist. Dieser interaktive Ansatz lieferte wertvolles Feedback, mit dem Sneeboer sein Produkt weiter optimieren konnte. Letztendlich gab der bekannte Gartenexperte <strong>Hans Kramer<\/strong>, Inhaber der <strong><a href=\"http:\/\/Kwekerij De Hessenhof\" target=\"_blank\" rel=\"noreferrer noopener\">G\u00e4rtnerei De Hessenhof<\/a><\/strong>, den Ausschlag, indem er sich f\u00fcr das kleinere Modell aussprach und eine kleine Anpassung am Design vorschlug.<\/p>\n\n\n\n<figure class=\"wp-block-gallery has-nested-images columns-default is-cropped wp-block-gallery-1 is-layout-flex wp-block-gallery-is-layout-flex\">\n<figure class=\"wp-block-image size-large\"><img loading=\"lazy\" decoding=\"async\" width=\"768\" height=\"1024\" data-id=\"44803\" src=\"https:\/\/sneeboer.com\/wp-content\/uploads\/2024\/10\/sneeboer-ambachtelijke-plantenmarkt-wiersse-01-768x1024.jpeg\" alt=\"Ambachtelijke Plantenmarkt in De Wiersse\" class=\"wp-image-44803\" srcset=\"https:\/\/sneeboer.com\/wp-content\/uploads\/2024\/10\/sneeboer-ambachtelijke-plantenmarkt-wiersse-01-768x1024.jpeg 768w, https:\/\/sneeboer.com\/wp-content\/uploads\/2024\/10\/sneeboer-ambachtelijke-plantenmarkt-wiersse-01-225x300.jpeg 225w, https:\/\/sneeboer.com\/wp-content\/uploads\/2024\/10\/sneeboer-ambachtelijke-plantenmarkt-wiersse-01-1152x1536.jpeg 1152w, https:\/\/sneeboer.com\/wp-content\/uploads\/2024\/10\/sneeboer-ambachtelijke-plantenmarkt-wiersse-01-1536x2048.jpeg 1536w, https:\/\/sneeboer.com\/wp-content\/uploads\/2024\/10\/sneeboer-ambachtelijke-plantenmarkt-wiersse-01-600x800.jpeg 600w, https:\/\/sneeboer.com\/wp-content\/uploads\/2024\/10\/sneeboer-ambachtelijke-plantenmarkt-wiersse-01-scaled.jpeg 1920w\" sizes=\"auto, (max-width: 768px) 100vw, 768px\" \/><\/figure>\n\n\n\n<figure class=\"wp-block-image size-large\"><img loading=\"lazy\" decoding=\"async\" width=\"768\" height=\"1024\" data-id=\"44811\" src=\"https:\/\/sneeboer.com\/wp-content\/uploads\/2024\/10\/sneeboer-ambachtelijke-plantenmarkt-wiersse-02-768x1024.jpeg\" alt=\"\" class=\"wp-image-44811\" srcset=\"https:\/\/sneeboer.com\/wp-content\/uploads\/2024\/10\/sneeboer-ambachtelijke-plantenmarkt-wiersse-02-768x1024.jpeg 768w, https:\/\/sneeboer.com\/wp-content\/uploads\/2024\/10\/sneeboer-ambachtelijke-plantenmarkt-wiersse-02-225x300.jpeg 225w, https:\/\/sneeboer.com\/wp-content\/uploads\/2024\/10\/sneeboer-ambachtelijke-plantenmarkt-wiersse-02-1152x1536.jpeg 1152w, https:\/\/sneeboer.com\/wp-content\/uploads\/2024\/10\/sneeboer-ambachtelijke-plantenmarkt-wiersse-02-1536x2048.jpeg 1536w, https:\/\/sneeboer.com\/wp-content\/uploads\/2024\/10\/sneeboer-ambachtelijke-plantenmarkt-wiersse-02-600x800.jpeg 600w, https:\/\/sneeboer.com\/wp-content\/uploads\/2024\/10\/sneeboer-ambachtelijke-plantenmarkt-wiersse-02-scaled.jpeg 1920w\" sizes=\"auto, (max-width: 768px) 100vw, 768px\" \/><\/figure>\n\n\n\n<figure class=\"wp-block-image size-large\"><img loading=\"lazy\" decoding=\"async\" width=\"768\" height=\"1024\" data-id=\"44819\" src=\"https:\/\/sneeboer.com\/wp-content\/uploads\/2024\/10\/sneeboer-ambachtelijke-plantenmarkt-wiersse-03-768x1024.jpeg\" alt=\"\" class=\"wp-image-44819\" srcset=\"https:\/\/sneeboer.com\/wp-content\/uploads\/2024\/10\/sneeboer-ambachtelijke-plantenmarkt-wiersse-03-768x1024.jpeg 768w, https:\/\/sneeboer.com\/wp-content\/uploads\/2024\/10\/sneeboer-ambachtelijke-plantenmarkt-wiersse-03-225x300.jpeg 225w, https:\/\/sneeboer.com\/wp-content\/uploads\/2024\/10\/sneeboer-ambachtelijke-plantenmarkt-wiersse-03-1152x1536.jpeg 1152w, https:\/\/sneeboer.com\/wp-content\/uploads\/2024\/10\/sneeboer-ambachtelijke-plantenmarkt-wiersse-03-1536x2048.jpeg 1536w, https:\/\/sneeboer.com\/wp-content\/uploads\/2024\/10\/sneeboer-ambachtelijke-plantenmarkt-wiersse-03-600x800.jpeg 600w, https:\/\/sneeboer.com\/wp-content\/uploads\/2024\/10\/sneeboer-ambachtelijke-plantenmarkt-wiersse-03-scaled.jpeg 1920w\" sizes=\"auto, (max-width: 768px) 100vw, 768px\" \/><\/figure>\n\n\n\n<figure class=\"wp-block-image size-large\"><img loading=\"lazy\" decoding=\"async\" width=\"768\" height=\"1024\" data-id=\"44827\" src=\"https:\/\/sneeboer.com\/wp-content\/uploads\/2024\/10\/sneeboer-ambachtelijke-plantenmarkt-wiersse-04-768x1024.jpeg\" alt=\"\" class=\"wp-image-44827\" srcset=\"https:\/\/sneeboer.com\/wp-content\/uploads\/2024\/10\/sneeboer-ambachtelijke-plantenmarkt-wiersse-04-768x1024.jpeg 768w, https:\/\/sneeboer.com\/wp-content\/uploads\/2024\/10\/sneeboer-ambachtelijke-plantenmarkt-wiersse-04-225x300.jpeg 225w, https:\/\/sneeboer.com\/wp-content\/uploads\/2024\/10\/sneeboer-ambachtelijke-plantenmarkt-wiersse-04-1152x1536.jpeg 1152w, https:\/\/sneeboer.com\/wp-content\/uploads\/2024\/10\/sneeboer-ambachtelijke-plantenmarkt-wiersse-04-1536x2048.jpeg 1536w, https:\/\/sneeboer.com\/wp-content\/uploads\/2024\/10\/sneeboer-ambachtelijke-plantenmarkt-wiersse-04-600x800.jpeg 600w, https:\/\/sneeboer.com\/wp-content\/uploads\/2024\/10\/sneeboer-ambachtelijke-plantenmarkt-wiersse-04-scaled.jpeg 1920w\" sizes=\"auto, (max-width: 768px) 100vw, 768px\" \/><\/figure>\n\n\n\n<figure class=\"wp-block-image size-large\"><img loading=\"lazy\" decoding=\"async\" width=\"768\" height=\"1024\" data-id=\"44835\" src=\"https:\/\/sneeboer.com\/wp-content\/uploads\/2024\/10\/sneeboer-ambachtelijke-plantenmarkt-wiersse-05-768x1024.jpeg\" alt=\"\" class=\"wp-image-44835\" srcset=\"https:\/\/sneeboer.com\/wp-content\/uploads\/2024\/10\/sneeboer-ambachtelijke-plantenmarkt-wiersse-05-768x1024.jpeg 768w, https:\/\/sneeboer.com\/wp-content\/uploads\/2024\/10\/sneeboer-ambachtelijke-plantenmarkt-wiersse-05-225x300.jpeg 225w, https:\/\/sneeboer.com\/wp-content\/uploads\/2024\/10\/sneeboer-ambachtelijke-plantenmarkt-wiersse-05-1152x1536.jpeg 1152w, https:\/\/sneeboer.com\/wp-content\/uploads\/2024\/10\/sneeboer-ambachtelijke-plantenmarkt-wiersse-05-1536x2048.jpeg 1536w, https:\/\/sneeboer.com\/wp-content\/uploads\/2024\/10\/sneeboer-ambachtelijke-plantenmarkt-wiersse-05-600x800.jpeg 600w, https:\/\/sneeboer.com\/wp-content\/uploads\/2024\/10\/sneeboer-ambachtelijke-plantenmarkt-wiersse-05-scaled.jpeg 1920w\" sizes=\"auto, (max-width: 768px) 100vw, 768px\" \/><\/figure>\n<\/figure>\n\n\n\n<h2 class=\"wp-block-heading\">Eine Plattform f\u00fcr Innovation und Nachhaltigkeit<\/h2>\n\n\n\n<p class=\"wp-block-paragraph\">Der \u201eAmbachtelijke Plantenmarkt\u201c ist bekannt f\u00fcr seinen Fokus auf Nachhaltigkeit und handwerkliches K\u00f6nnen. Viele der teilnehmenden Aussteller setzen sich f\u00fcr umweltfreundliche Produkte und Methoden ein. Dies passt gut zum Trend des bewussteren G\u00e4rtnerns, bei dem \u00d6kologie, Biodiversit\u00e4t und die Verwendung nat\u00fcrlicher Materialien im Vordergrund stehen. Es ist ein inspirierender Ort, an dem Besucher neue Erkenntnisse dar\u00fcber gewinnen, wie sie ihren Garten auf nachhaltige Weise pflegen und gestalten k\u00f6nnen.<\/p>\n\n\n\n<p class=\"wp-block-paragraph\">Auch f\u00fcr Unternehmen wie Sneeboer bietet der Markt eine Plattform, um ihr Nachhaltigkeitsengagement weiter zu verbreiten. Durch den direkten Kontakt zu ihren Kunden k\u00f6nnen sie besser auf die Bed\u00fcrfnisse von Gartenliebhabern eingehen und ihre Produkte weiter optimieren. Der Markt ist daher nicht nur ein kommerzieller Erfolg, sondern auch eine wertvolle Quelle der Inspiration und Innovation sowohl f\u00fcr Aussteller als auch f\u00fcr Besucher.<\/p>\n\n\n\n<h2 class=\"wp-block-heading\">Vielen Dank an alle Beteiligten<\/h2>\n\n\n\n<p class=\"wp-block-paragraph\">Der handwerkliche Pflanzenmarkt in De Wierse w\u00e4re ohne das Engagement der vielen Beteiligten nicht so erfolgreich. Von den Organisatoren und Ausstellern bis hin zu den Besuchern, die Jahr f\u00fcr Jahr wiederkommen, um all das Sch\u00f6ne zu genie\u00dfen, was der Markt zu bieten hat. Die Atmosph\u00e4re der Verbundenheit und die gemeinsame Leidenschaft f\u00fcr die Gartenarbeit machen diese Veranstaltung jedes Jahr wieder zu einem Fest.<\/p>\n\n\n\n<p class=\"wp-block-paragraph\">Im Namen von <strong>Sneeboer<\/strong> m\u00f6chten wir uns bei allen bedanken, die unseren Stand besucht haben. Eure Begeisterung und euer Engagement haben uns sehr gefreut, und das Feedback, das wir zu unseren Produkten erhalten haben, hilft uns dabei, immer bessere Werkzeuge zu entwickeln, die perfekt auf die Bed\u00fcrfnisse des modernen G\u00e4rtners zugeschnitten sind.<\/p>\n\n\n\n<h2 class=\"wp-block-heading\">Ein Ausblick auf die n\u00e4chsten Ausgaben<\/h2>\n\n\n\n<p class=\"wp-block-paragraph\">Nach einer sehr erfolgreichen Ausgabe in diesem Jahr freuen wir uns bei Sneeboer schon auf die n\u00e4chste Ausgabe des traditionellen Pflanzenmarkts in De Wierse. Es ist eine Veranstaltung, an der wir sehr gerne teilnehmen, da sie uns nicht nur die M\u00f6glichkeit bietet, unsere Produkte zu pr\u00e4sentieren, sondern auch, mit unseren Kunden in Kontakt zu bleiben und ihre Bed\u00fcrfnisse besser zu verstehen.<\/p>\n\n\n\n<p class=\"wp-block-paragraph\">Der \u201eAmbachtelijke Plantenmarkt\u201c ist eine wichtige Plattform f\u00fcr alle, die Gartenarbeit, Handwerkskunst und Nachhaltigkeit lieben. Wir hoffen daher, dass die Veranstaltung in den kommenden Jahren weiter w\u00e4chst und sich weiterentwickelt. F\u00fcr uns ist es ein Privileg, Teil dieser gr\u00fcnen Gemeinschaft zu sein, und wir freuen uns darauf, in Zukunft noch mehr innovative Produkte auf den Markt zu bringen, die die Gartenarbeit noch angenehmer und einfacher machen.<\/p>\n\n\n\n<h2 class=\"wp-block-heading\">Bis zum n\u00e4chsten Handwerks- und Pflanzenmarkt!<\/h2>\n\n\n\n<p class=\"wp-block-paragraph\">Im Namen des gesamten Teams von Sneeboer m\u00f6chten wir uns bei allen ganz herzlich f\u00fcr ihre Begeisterung und ihr Engagement bedanken. Gemeinsam mit Ihnen machen wir die Gartenarbeit nicht nur praktischer, sondern auch noch befriedigender. Wir freuen uns schon auf die n\u00e4chste Ausgabe des Marktes und hoffen, dort wieder viele bekannte und neue Gesichter begr\u00fc\u00dfen zu d\u00fcrfen.<\/p>\n","protected":false},"excerpt":{"rendered":"<p>Der handwerkliche Pflanzenmarkt in De Wierse hat sich mittlerweile zu einem festen Begriff unter Garten- und Naturliebhabern entwickelt. Diese j\u00e4hrliche Veranstaltung zieht Besucher aus allen Ecken des Landes an, die zusammenkommen, um eine gro\u00dfe Auswahl an Pflanzen, Gartenaccessoires und handwerklichen Produkten zu genie\u00dfen. Es ist nicht nur ein Ort, um wundersch\u00f6ne Pflanzen zu entdecken, sondern [&hellip;]<\/p>\n","protected":false},"author":3,"featured_media":44803,"comment_status":"closed","ping_status":"closed","sticky":false,"template":"","format":"standard","meta":{"inline_featured_image":false,"footnotes":""},"categories":[730,939],"tags":[],"class_list":["post-44851","post","type-post","status-publish","format-standard","has-post-thumbnail","hentry","category-event","category-event-de","blog-post"],"_links":{"self":[{"href":"https:\/\/sneeboer.com\/de\/wp-json\/wp\/v2\/posts\/44851","targetHints":{"allow":["GET"]}}],"collection":[{"href":"https:\/\/sneeboer.com\/de\/wp-json\/wp\/v2\/posts"}],"about":[{"href":"https:\/\/sneeboer.com\/de\/wp-json\/wp\/v2\/types\/post"}],"author":[{"embeddable":true,"href":"https:\/\/sneeboer.com\/de\/wp-json\/wp\/v2\/users\/3"}],"replies":[{"embeddable":true,"href":"https:\/\/sneeboer.com\/de\/wp-json\/wp\/v2\/comments?post=44851"}],"version-history":[{"count":2,"href":"https:\/\/sneeboer.com\/de\/wp-json\/wp\/v2\/posts\/44851\/revisions"}],"predecessor-version":[{"id":71710,"href":"https:\/\/sneeboer.com\/de\/wp-json\/wp\/v2\/posts\/44851\/revisions\/71710"}],"wp:featuredmedia":[{"embeddable":true,"href":"https:\/\/sneeboer.com\/de\/wp-json\/wp\/v2\/media\/44803"}],"wp:attachment":[{"href":"https:\/\/sneeboer.com\/de\/wp-json\/wp\/v2\/media?parent=44851"}],"wp:term":[{"taxonomy":"category","embeddable":true,"href":"https:\/\/sneeboer.com\/de\/wp-json\/wp\/v2\/categories?post=44851"},{"taxonomy":"post_tag","embeddable":true,"href":"https:\/\/sneeboer.com\/de\/wp-json\/wp\/v2\/tags?post=44851"}],"curies":[{"name":"wp","href":"https:\/\/api.w.org\/{rel}","templated":true}]}}